{
    "type": "rich",
    "version": "1.0",
    "title": "Der k. k. Minister f\u00fcr \u00f6ffentliche Arbeiten reagiert auf den Bericht des Statthalters f\u00fcr Tirol und Vorarlberg mit der Einsetzung einer Kommission (05.09.1911) \u00b7 Vom Lazarett zum Wissensspeicher",
    "html": "\u003Ciframe src=\u0022https:\/\/ulb-exhibition.uibk.ac.at\/exhibitions-2\/embed-item\/jubilaeum\/770\u0022\u003E\u003C\/iframe\u003E",
    "thumbnail_url": "https:\/\/ulb-exhibition.uibk.ac.at\/exhibitions-2\/files\/square\/a6215d2804e3f79daca43364d65ea7038d9c6324.jpg",
    "thumbnail_width": 200,
    "thumbnail_height": 200
}